{"id":11652,"date":"2020-10-26T08:30:14","date_gmt":"2020-10-26T07:30:14","guid":{"rendered":"https:\/\/student.unifr.ch\/spectrum\/?p=11652"},"modified":"2021-01-12T18:41:15","modified_gmt":"2021-01-12T17:41:15","slug":"tm-cafe","status":"publish","type":"post","link":"https:\/\/student.unifr.ch\/spectrum\/2020\/10\/tm-cafe\/","title":{"rendered":"Arabica et c\u00e9page en parfaite harmonie au Talk Music Caf\u00e9"},"content":{"rendered":"<h1 class=\"dropcap dropcap-borders\" style=\"text-align: left;\"><strong>Les amateur\u00b7rice\u00b7s de bon caf\u00e9, d\u2019\u0153nologie et de gin de qualit\u00e9 le connaissent d\u00e9j\u00e0 s\u00fbrement. Le TM Caf\u00e9 anime la rue de Romont depuis 20 ans bient\u00f4t, dans une ambition de diversit\u00e9 et de renouvellement. Confront\u00e9 au march\u00e9 estudiantin fribourgeois, son patron Alfonso Giberna aspire \u00e0 de nouveaux projets.<\/strong><\/h1>\n<p><strong>Du disque laser au caf\u00e9 de sp\u00e9cialit\u00e9<\/strong><\/p>\n<p>Il faut remonter au temps du fluo et de <em>La Boum<\/em> pour lire l\u2019histoire du TM. Les 80s\u2026 la belle \u00e9poque pour les disquaires, pour qui ni la Fnac ni le num\u00e9rique ne repr\u00e9sentent encore de menace\u00a0! En ce temps-l\u00e0, Fr\u00e9quence Laser s\u2019impose comme le leader du secteur. Cr\u00e9\u00e9e \u00e0 Fribourg, la cha\u00eene de magasins de disques compte six enseignes en Suisse romande. Puis viennent les ann\u00e9es 2000. Le march\u00e9 du disque s\u2019effondre. Pour survivre, les magasins Fr\u00e9quence Laser s\u2019improvisent alors caf\u00e9s, donnant naissance au concept de Talk Music Caf\u00e9s. \u00c0 l\u2019heure actuelle, la plupart des enseignes ont disparu, sauf \u00e0 Fribourg o\u00f9 la tradition a perdur\u00e9. Ici, les grains de caf\u00e9 ont d\u00e9finitivement remplac\u00e9 les disques.<\/p>\n<p>&nbsp;<\/p>\n<figure id=\"attachment_11786\" aria-describedby=\"caption-attachment-11786\" style=\"width: 346px\" class=\"wp-caption alignright\"><img decoding=\"async\" loading=\"lazy\" class=\"wp-image-11786\" style=\"margin-top: 0.5rem;\" src=\"https:\/\/student.unifr.ch\/spectrum\/wp-content\/uploads\/2020\/10\/3-1-450x600.jpg\" alt=\"\" width=\"346\" height=\"461\" srcset=\"https:\/\/student.unifr.ch\/spectrum\/wp-content\/uploads\/2020\/10\/3-1-450x600.jpg 450w, https:\/\/student.unifr.ch\/spectrum\/wp-content\/uploads\/2020\/10\/3-1-768x1024.jpg 768w, https:\/\/student.unifr.ch\/spectrum\/wp-content\/uploads\/2020\/10\/3-1-900x1200.jpg 900w, https:\/\/student.unifr.ch\/spectrum\/wp-content\/uploads\/2020\/10\/3-1-530x707.jpg 530w, https:\/\/student.unifr.ch\/spectrum\/wp-content\/uploads\/2020\/10\/3-1.jpg 960w\" sizes=\"(max-width: 346px) 100vw, 346px\" \/><figcaption id=\"caption-attachment-11786\" class=\"wp-caption-text\">Une fresque murale o\u00f9 figure le logo du TM Caf\u00e9.<\/figcaption><\/figure>\n<p><strong>Du caf\u00e9 de sp\u00e9cialit\u00e9 au grand cru<\/strong><\/p>\n<p>L\u2019\u00e9tablissement abrite deux enseignes diff\u00e9rentes et compl\u00e9mentaires. Le premier \u00e9tage est rattach\u00e9 au caf\u00e9, tandis que le second est r\u00e9serv\u00e9 \u00e0 un service plus sophistiqu\u00e9. Moins populaire, le TalkWine propose une large offre de vin et de gin sup\u00e9rieur. Si l\u2019\u00e9tage passe parfois inaper\u00e7u, c\u2019est pour conserver un certain standing aupr\u00e8s de sa client\u00e8le, nous indique Paulo Soares, \u00e9tudiant en droit et serveur au TM. Le patron Alfonso Giberna nous apprend qu\u2019autrefois le TalkWine b\u00e9n\u00e9ficiait davantage de l\u2019attention de la communaut\u00e9 \u00e9tudiante. \u00ab\u00a0Tout\u00b7e restaurateur\u00b7rice qui fait l\u2019impasse sur les \u00e9tudiant\u00b7e\u00b7s \u00e0 Fribourg n\u2019a rien compris. Iels repr\u00e9sentent 1\/3 de la population, donc 1\/3 du chiffre d\u2019affaires\u00a0\u00bb, explique le tenancier d\u2019origine lausannoise, \u00e9galement g\u00e9rant des Trentenaires. Pour conqu\u00e9rir le c\u0153ur de son public cible, Alfonso souhaite remettre en valeur le TW avec plusieurs projets. Artistiques d\u2019abord, en invitant l\u2019artiste fribourgeois Serge Nidegger \u00e0 pimper les vitres de l\u2019\u00e9tage. \u00c9conomiques ensuite, en proposant des soupes maison pour le midi \u00e0 prix cass\u00e9. Culturels aussi, avec des soir\u00e9es \u00e0 th\u00e8mes aussi bien alternatives que haut de gamme. Culinaires, finalement, mais cette derni\u00e8re ambition novatrice reste encore confidentielle\u2026<\/p>\n<figure id=\"attachment_11788\" aria-describedby=\"caption-attachment-11788\" style=\"width: 372px\" class=\"wp-caption alignleft\"><img decoding=\"async\" loading=\"lazy\" class=\" wp-image-11788\" src=\"https:\/\/student.unifr.ch\/spectrum\/wp-content\/uploads\/2020\/10\/2-450x600.jpg\" alt=\"\" width=\"372\" height=\"496\" srcset=\"https:\/\/student.unifr.ch\/spectrum\/wp-content\/uploads\/2020\/10\/2-450x600.jpg 450w, https:\/\/student.unifr.ch\/spectrum\/wp-content\/uploads\/2020\/10\/2-768x1024.jpg 768w, https:\/\/student.unifr.ch\/spectrum\/wp-content\/uploads\/2020\/10\/2-900x1200.jpg 900w, https:\/\/student.unifr.ch\/spectrum\/wp-content\/uploads\/2020\/10\/2-530x707.jpg 530w, https:\/\/student.unifr.ch\/spectrum\/wp-content\/uploads\/2020\/10\/2.jpg 960w\" sizes=\"(max-width: 372px) 100vw, 372px\" \/><figcaption id=\"caption-attachment-11788\" class=\"wp-caption-text\">Paulo se tient devant la machine utilis\u00e9e dans la production du caf\u00e9 de sp\u00e9cialit\u00e9. Au TM, le processus de torr\u00e9faction est accompli sur place.<\/figcaption><\/figure>\n<p><strong>Un caf\u00e9 sp\u00e9cial dans un lieu sp\u00e9cial<\/strong><\/p>\n<p>Original et \u00e9tonnant, l\u2019int\u00e9rieur du caf\u00e9 lib\u00e8re un cachet unique. Attention, une ascension vertigineuse s\u2019impose avant de parvenir \u00e0 l\u2019\u00e9tage. Arriv\u00e9\u00b7e\u00b7s au sommet, on d\u00e9bouche sur un espace spacieux et tendance. Aux murs, un puzzle d\u2019illustrations \u00e9pur\u00e9es m\u00eal\u00e9es \u00e0 des affiches vintages. Des caisses en bois font office de biblioth\u00e8ques de r\u00e9cup\u2019, \u00e0 la fronti\u00e8re du design industriel nordique et du bobo chic. Une typographie arty habille les ardoises de slogans accueillants. Les fresques murales color\u00e9es assorties au mobilier dynamisent le cadre. C\u2019est \u00e0 peine si on remarque, \u00e0 l\u2019extr\u00e9mit\u00e9 du bar infini traversant la salle, la machine de torr\u00e9faction. Jolie d\u00e9co, mais pas que. Le crit\u00e8re de distinction du TM reste son caf\u00e9 de sp\u00e9cialit\u00e9. \u00ab Le caf\u00e9 est r\u00e9colt\u00e9 \u00e0 la main, les cerises les plus m\u00fbres sont finement s\u00e9lectionn\u00e9es. On re\u00e7oit le caf\u00e9 vert et sec, qu\u2019on torr\u00e9fie nous-m\u00eames dans notre machine\u00a0\u00bb explique Paulo. Trois caf\u00e9s, trois ambiances. Ar\u00f4mes fruit\u00e9s pour le Pentera du Costa Rica, touche cacaot\u00e9e du br\u00e9silien Black Diamond, et notes florales du Kaldi, qui tire son nom de la l\u00e9gende du berger \u00e9thiopien du m\u00eame nom. Cet escalier pentu\u2026 est-ce cela de monter au 7<sup>\u00e8me<\/sup> ciel ? La r\u00e8gle, c\u2019est de go\u00fbter avant de juger. R\u00e9galez-vous\u00a0!<\/p>\n<figure id=\"attachment_11751\" aria-describedby=\"caption-attachment-11751\" style=\"width: 800px\" class=\"wp-caption alignnone\"><img decoding=\"async\" loading=\"lazy\" class=\"alignnone size-medium wp-image-11784 aligncenter\" src=\"https:\/\/student.unifr.ch\/spectrum\/wp-content\/uploads\/2020\/10\/4-800x600.jpg\" alt=\"\" width=\"800\" height=\"600\" srcset=\"https:\/\/student.unifr.ch\/spectrum\/wp-content\/uploads\/2020\/10\/4-800x600.jpg 800w, https:\/\/student.unifr.ch\/spectrum\/wp-content\/uploads\/2020\/10\/4-768x576.jpg 768w, https:\/\/student.unifr.ch\/spectrum\/wp-content\/uploads\/2020\/10\/4-530x398.jpg 530w, https:\/\/student.unifr.ch\/spectrum\/wp-content\/uploads\/2020\/10\/4.jpg 1280w\" sizes=\"(max-width: 800px) 100vw, 800px\" \/><figcaption id=\"caption-attachment-11751\" class=\"wp-caption-text\">L\u2019\u00e9tage caf\u00e9 s\u2019ouvre sur une d\u00e9coration int\u00e9rieure design et p\u00e9tillante.<\/figcaption><\/figure>\n<p>&nbsp;<\/p>\n<div class=\"content-block block-border-all\" style=\"text-align: center;\">Le site web du TM :\u00a0<a href=\"https:\/\/www.tmcafe.ch\/\">https:\/\/www.tmcafe.ch\/<\/a><\/div>\n<p>\u00a9 Photographie : Lara Diserens<\/p>\n<div class=\"pdf24Plugin-cp\"> \t<form name=\"pdf24Form0\" method=\"post\" action=\"https:\/\/doc2pdf.pdf24.org\/wordpress.php\" target=\"pdf24PopWin\" onsubmit=\"var pdf24Win = window.open('about:blank', 'pdf24PopWin', 'resizable=yes,scrollbars=yes,width=600,height=250,left='+(screen.width\/2-300)+',top='+(screen.height\/3-125)+''); pdf24Win.focus(); if(typeof pdf24OnCreatePDF === 'function'){void(pdf24OnCreatePDF(this,pdf24Win));}\"> \t\t<input type=\"hidden\" name=\"blogCharset\" value=\"Cw1x07UAAA==\" \/><input type=\"hidden\" name=\"blogPosts\" value=\"MwQA\" \/><input type=\"hidden\" name=\"blogUrl\" value=\"yygpKSi20tcvLilNSc0r0SvNy0wr0kvO0C8uSE0uKSrNBQA=\" \/><input type=\"hidden\" name=\"blogName\" value=\"Cy5ITS4pKs0FAA==\" \/><input type=\"hidden\" name=\"blogValueEncoding\" value=\"gzdeflate base64\" \/><input type=\"hidden\" name=\"blogDocHeader\" value=\"AwA=\" \/><input type=\"hidden\" name=\"blogDocSize\" value=\"MzI0qDCyNAcA\" \/><input type=\"hidden\" name=\"blogDocOrientation\" value=\"K8gvKilKzCwBAA==\" \/><input type=\"hidden\" name=\"blogDocStyle\" value=\"AwA=\" \/><input type=\"hidden\" name=\"blogDocFilename\" value=\"AwA=\" \/><input type=\"hidden\" name=\"postId_0\" value=\"MzQ0MzUCAA==\" \/><input type=\"hidden\" name=\"postTitle_0\" value=\"cyxKTMpMTlRILVFIPryyIDE9VSE1T6EgsSgtMbMkVSEjsSg3Py8zVSGxVCEkMSdbwbe0ODNZwTkx7fBKAA==\" \/><input type=\"hidden\" name=\"postLink_0\" value=\"BcFBDsAgCATAF+lSj\/7GUIw9SIws\/+\/MIk90IJivOWv6N2\/VhTimvLnRpAkeAXfRMQ0\/\" \/><input type=\"hidden\" name=\"postAuthor_0\" value=\"80ksSlRwySxOLUrNKwYA\" \/><input type=\"hidden\" name=\"postDateTime_0\" value=\"MzIwMtA1NNA1MlMwsLAyNLAyNAEA\" \/><input type=\"hidden\" name=\"postContent_0\" value=\"rVlNbxy3Gb73VzB7KFpgvy1Lii2pSOykSCs3Ruwgx4I7w92lM0OOyeFK8inXnnPKTafGaoCeAgRFblrkj+SX9HlezkqyHTkOsoBh7+ySL9\/P53mGPlhOVFHpGA97ZfBNoRvV\/TuY+VCaEHsqtmeVOey15rQd6Mou3D1VmXl7v3d0ENvg3eLo2ESla92aFC5\/CLYwlz9EVRo1804Ver6+6Kvy56+++elr5yu\/sEaZlj8vrOM\/zxOstusLWFWFd07bGI3DivXFs\/W5iusfg6nxxVAdG\/X0kXpAi0o7WxtVaRWSoZXPfO25yTTJRjUdY0FUM4t96+9bnM\/H5Az8nNnWejm5tCtEKGdnj4JxPq1MVXUHPvBujgi5QCdV61AsuTa2qbTatfB\/HuzMp7Aw3sa+irDbaCZFfVDNvYte\/dXOTHBa6djYYBQCwjlyik6nqgn+mWnj8GDUpfJgtJwc\/eGgucrtwwQ34\/PEWKMJ9ENSSjOxWV8UNmfvhoVGDHxSqblOLWJiYvLO1tQNKpPUvEq+i\/nA1EfHWn3oU30wwmfVIB5V0dkKRVva2Ho+YNfTR6xBVPvj+PNX\/2byZ8yVWl80nh7mnVggHmvsQk7ky+fJKme542OnC\/mILKR6fREsdzrmvgnrC1aexTeu8EEKi0podNT5e+ojdJPJMQyq9XlffYwN2O3w7bEkB259Y+vGR3ZSzf7gH40+pvvRFGxRlBX71hdSjI+7+vXpW7HU6\/+6fKpe6GhdzG3C\/EeabFpk3Z7CvWgwCfjSOPUksWNV8LV2pRmqx+zAFVrPMRLmQzuH89iW47G08aaVyqvq0nUzR8+UgSaYtJjCyq6C6YuNK49uizr4lZXB0ZUPMXcJ8l9ypPCtzJXmLraQx4dG6v9UV1+qRynaIk9WHKr1V7n0SBZWF21ilSVDTZUaHbgv3siBDJ6N+CVhBnSa38ys8uv\/cWsbdJknD2ZMKBPCGKpPCpvDWwTdpTu3t88IMLcOm1Yyj2zlptKFQEXclGW4afg\/ulls7uenuV3Qd1se9nTb6mLJ\/f+cTPb2d3tKB6sHiKCAh6acnR32gHf0bHC9dtCt7cDvxJbt8p66s7PbnPY2iHnSDLqNSnAx2MWyBSraeoE4Cl9at8D58cwVPVV5nZ8r\/eLspgmLwprXjkN7ABwHrW\/uqfHwLuK+j99Ccdhbtm0T741GhCBCVHJ2HobFchQbdHdI9YheeRmiUWp4ahxNx9PxaDIe3RlMBjt3x6e76MJnzQKZqNrDXk9JdIc9RNdTS8MoDns7uxM5Mpp2u6cqfD7pq99tcm93\/3Qynu6ITTxsw+b74\/HpZNr5iYdt2Lx7Z3y6N94Tk\/i8BZPZu93xCQpkXxi00Z9qfTq42aN\/VpPxeIWzuo4dHXEkNt3Ksbi95d\/o7gGpv3f0OZBxDkgnWtUpaGArR7sbNSKtX\/hMExlJMJnXhx7JA1a+zm6\/yGbEKCCCK1UR0hvUdgxwWl+0elYReAUa9CzYlsidboJzaecwHsgpkXRHBK\/WF9wh7CRY3GC8LGCUFheG7K5Czkr2o1MwLbwBrgsTG3IJoDovJmuFFRYD9ZJTfIAGIlZGKIKGDAqSI9o98sS4xjep4vlEPsHfL6yjH16YiyqlAgAgvfN55sAVlMa1ZoqpIW8KlT2xAtWd740mEQGH55AjyjoNoF1\/C1AuyC7wVcgYntNHhJzIqAG5gFGJzy0QMXj4pSBxBCVWIqFeEv+hWmi0FMZ+rFPl1ROvheRxfpZE5EMoSNvSXzklifLI0uE2cSSWdYNKIKfPE5yFcglGoriZotn6wpET0CY4odQrnMi4y6xVUDU424k78jk0QHIwxdpsPAS7Xn53ef7Up\/byB8oORI5uvhavIlbmPKDKxCpJjZ20ubKDzZS5N5nO0QeFyjjptGDRYJ+YKr6mbSajO52DuRPosfB0kX9Cyy1tLj0NzufSq5fnlz\/2lTltKtv1IIyBz9m6XOdBP1ZaJ4HmHVJnWJeFzmJWLdAz2mXqfioj4boZeNw1BXs02CA6\/Kev8R1bgIo2YdAKVdgZu2BTu+jTUnPmqM5bVIulX+E0SZR6+oXSK1PIFLBV45XWVR+ENo8EJ5QR8lWjz+3WrWxLJ6Wassy8IrHVE8PB+IctzWLBmT1XDSpkcm2wOZi46YY8E1Az\/0Jsvs7nARsSnJbT8sBtcoJ4GpFZVmLOUlbVtrRySoDqK9AJHOMHqWqBZCgsch0hYCTSbMQGUXrY0i7XL2vTrZFXEfIt+52CJiPJkgqdY62hVsWwdZ1uhvLpStcXpzCprSBccHb9Mtx4k3F+hbFi57KZzUY7I+q5JcFYyjcI9l+TRvu\/QRrtvyGN9qZvkUZ8Yfxtyki9Io32tyF\/pm8VP3vTG+Ln\/d0tiZ\/ptqXPdOvCZ7p12TPdtuiZ\/orkYe9dS57cie8sefZvlzyZ5ID+rZUbCbMScNIYSEA0wDa1FhqE75JywUBID75MRSahW8QNEJCEKOyP5YWJMQlqtT4APeY6bydf60IkixX64buPeQdR9Xl363J16Ob2A2\/1Jl19+4as+lQYBMtB3QDP\/N7YzyzIOxCRHNdRVXYmOEQRgXRgE2oKUEN4Gx7u5yuXWAB2GRI0RysslaK5+bIuRM4MQLqsjLMC7Dcx\/IMQLBRWx7nQE5Gv93COaV5fgB\/ggCQpMXENEqX4txU92JIqS777MvWnVK+RroHZXryoMs3aCkSFd1S6TZZvUgbyev2faoPoRHjQscVZJBvRHuCzh7wbkFsruQ6YkafmfH\/1XCvqZAbutJ6MkFnPUDUWqcHBfYlVK7loysjOWwETAZtUW\/QKCA6UD1l5UQgmnDLz1AnFUFGYt2eNh2CG2EQ2Q3sGZpnZSq4\/4HMoKQeypoNKZzegs5LBCiQ+5ludTtvHTtzzvqPyOQmYDo\/KCZmp2sOyqI4zp+t85UDJoOXm4kGnNMmZhiMC7kORIBJ0gPX+prKYL9iuRewzHB0QLN\/2eVHAa7lu0qLe3D1sZu71QRmqv3n4wz4ofMeV0GxKWhGaE1zW5rTKVU5r3dV44k0lU2bc3FS+OauX34kR+bGT+0hMm+W+uGVdvsKAlJYs87OI\/5pXlxQFCAWhZR0GtKiMeCB3QkP1KbOz\/paaudocxEHJCrroZ0EMB7uordwfxgE6k\/JCZtt5CrAuQ1SK10JRMGwIyce23FwKtfJEBcGpEE22\/r6WJkgMO14JoMdUikEzWw88pLL6zBYaBvLEYfC1bwX\/UENqXLaGUx8Cqr5UD62u8ZbUZyTwkObRUdJbWP53XZW2L2q75QVjFClTd9IYQ7fA0GbDFH3ygra0vqF9fCnhcwN6DvahWbR0ZQOHE68nUawBpq8wsMYbvatb0L0DvEEdUZwBAvEJyhbz9Rd1DO2+frlgu23elyjN\/PpH2bjBqGcJzgzVZ1lbvxisUIzL8\/d+RV3dnby7uuLaV9XV\/nj8FnXlvDO\/TV1dbRM6HdSmtKl+VXLtZNuF1H8b8mtngChuk1\/46Vp+7fJhK\/LrlTOZxd+rRHZEft3d292W+toRrXTn\/f1taaWsCyfT\/VvEkrTSlVjqGutdxRI78zaxdHx9D9HJD8JWWoUNMXcQnTlWXUsKs2E7jDGgt82s9Dalc\/Oqt7SrjUtdSgazygN95O\/uv7EGYJFf\/J+s3N734T1HAUxwYmYdM9y7PD\/QahnM\/LoJT05Ohm2N8AzL0Tv65e8PRhr+wjFx9vJCPV769oqe7wFoAKgPwRV4DY8Sxf8B\" \/> \t\t<a href=\"https:\/\/www.pdf24.org\" target=\"_blank\" title=\"www.pdf24.org\" rel=\"nofollow\"><img src=\"https:\/\/student.unifr.ch\/spectrum\/wp-content\/plugins\/pdf24-post-to-pdf\/img\/pdf_32x32.png\" alt=\"\" border=\"0\" height=\"32\" \/><\/a> \t\t<span class=\"pdf24Plugin-cp-space\">&nbsp;&nbsp;<\/span> \t\t<span class=\"pdf24Plugin-cp-text\">Envoyer l'article en PDF<\/span> \t\t<span class=\"pdf24Plugin-cp-space\">&nbsp;&nbsp;<\/span> \t\t<input class=\"pdf24Plugin-cp-input\" style=\"margin: 0px;\" type=\"text\" name=\"sendEmailTo\" placeholder=\"Entrez l'adresse e-mail\" \/> \t\t<input class=\"pdf24Plugin-cp-submit\" style=\"margin: 0px;\" type=\"submit\" value=\"Envoyer\" \/> \t<\/form> <\/div>","protected":false},"excerpt":{"rendered":"<div class=\"post-excerpt\">Les amateur\u00b7rice\u00b7s de bon caf\u00e9, d\u2019\u0153nologie et de gin de qualit\u00e9 le connaissent d\u00e9j\u00e0 s\u00fbrement. Le TM Caf\u00e9 anime la rue de Romont depuis&hellip;<\/div>\n","protected":false},"author":115,"featured_media":11790,"comment_status":"closed","ping_status":"closed","sticky":false,"template":"","format":"standard","meta":{"_exactmetrics_skip_tracking":false,"_exactmetrics_sitenote_active":false,"_exactmetrics_sitenote_note":"","_exactmetrics_sitenote_category":0,"footnotes":""},"categories":[111],"tags":[2020,2019,1355,1202,2054,2021,2056,2057,718,2055],"views":1812,"_links":{"self":[{"href":"https:\/\/student.unifr.ch\/spectrum\/wp-json\/wp\/v2\/posts\/11652"}],"collection":[{"href":"https:\/\/student.unifr.ch\/spectrum\/wp-json\/wp\/v2\/posts"}],"about":[{"href":"https:\/\/student.unifr.ch\/spectrum\/wp-json\/wp\/v2\/types\/post"}],"author":[{"embeddable":true,"href":"https:\/\/student.unifr.ch\/spectrum\/wp-json\/wp\/v2\/users\/115"}],"replies":[{"embeddable":true,"href":"https:\/\/student.unifr.ch\/spectrum\/wp-json\/wp\/v2\/comments?post=11652"}],"version-history":[{"count":28,"href":"https:\/\/student.unifr.ch\/spectrum\/wp-json\/wp\/v2\/posts\/11652\/revisions"}],"predecessor-version":[{"id":12164,"href":"https:\/\/student.unifr.ch\/spectrum\/wp-json\/wp\/v2\/posts\/11652\/revisions\/12164"}],"wp:featuredmedia":[{"embeddable":true,"href":"https:\/\/student.unifr.ch\/spectrum\/wp-json\/wp\/v2\/media\/11790"}],"wp:attachment":[{"href":"https:\/\/student.unifr.ch\/spectrum\/wp-json\/wp\/v2\/media?parent=11652"}],"wp:term":[{"taxonomy":"category","embeddable":true,"href":"https:\/\/student.unifr.ch\/spectrum\/wp-json\/wp\/v2\/categories?post=11652"},{"taxonomy":"post_tag","embeddable":true,"href":"https:\/\/student.unifr.ch\/spectrum\/wp-json\/wp\/v2\/tags?post=11652"}],"curies":[{"name":"wp","href":"https:\/\/api.w.org\/{rel}","templated":true}]}}