{"id":11983,"date":"2020-11-24T10:00:40","date_gmt":"2020-11-24T09:00:40","guid":{"rendered":"https:\/\/student.unifr.ch\/spectrum\/?p=11983"},"modified":"2020-11-23T22:37:37","modified_gmt":"2020-11-23T21:37:37","slug":"youth-future-day-un-pont-vers-le-monde-professionnel","status":"publish","type":"post","link":"https:\/\/student.unifr.ch\/spectrum\/2020\/11\/youth-future-day-un-pont-vers-le-monde-professionnel\/","title":{"rendered":"Youth Future Day, un pont vers le monde professionnel"},"content":{"rendered":"<p><strong>L\u2019AIESEC organise la premi\u00e8re \u00e9dition du \u00ab\u00a0Youth Future Day\u00a0\u00bb pour int\u00e9grer les \u00e9tudiants dans le monde du travail. Reportage au c\u0153ur de cet \u00e9v\u00e9nement virtuel.<\/strong><\/p>\n<p>L\u2019int\u00e9gration des \u00e9tudiants dans le monde du travail est une probl\u00e9matique r\u00e9currente, et la situation sanitaire de cette ann\u00e9e 2020 complique d\u2019autant plus le probl\u00e8me. Afin d\u2019aider les jeunes \u00e0 faire leurs premiers pas dans un environnement professionnel, l\u2019Association internationale des \u00e9tudiants en sciences \u00e9conomiques et commerciales (AIESEC) s\u2019est mobilis\u00e9 ce 18 novembre 2020 avec l\u2019organisation de la premi\u00e8re \u00e9dition \u00ab\u00a0Youth Future Day\u00a0\u00bb\u00a0!<\/p>\n<p>Mais qu\u2019est-ce que c\u2019est que \u00ab\u00a0Youth Future Day\u00a0\u00bb\u00a0? Entre conf\u00e9rences audiovisuelles d\u00e9crivant les entreprises ou approfondissant des sujets philosophiques li\u00e9s au monde du travail, le projet a pour but de mettre en relation des \u00e9tudiants et des entreprises sur la plateforme virtuelle <em>Goodwall<\/em>. Maya Val\u00e9rie Fenoarisoa, \u00a0une des organisatrices du projet, explique\u00a0: \u00ab L\u2019\u00e9v\u00e8nement permet de palier \u00e0 un important probl\u00e8me pour les jeunes \u00e0 l\u2019heure actuelle, qu\u2019est la transition d\u2019un monde d\u2019\u00e9tudiant \u00e0 l\u2019environnement du travail.\u00a0\u00bb\u00a0 Si en temps normal, \u00ab\u00a0Career Days\u00a0\u00bb, le pr\u00e9d\u00e9cesseur de \u00ab\u00a0Youth Future Day\u00a0\u00bb, regroupait diff\u00e9rents stands et workshops sur le campus universitaire, la nouvelle version permet aux jeunes de suivre des conf\u00e9rences en ligne pr\u00e9sent\u00e9es par certains grands leaders de l\u2019industrie et de postuler dans diverses organisations. Par l\u2019interm\u00e9diaire d\u2019un chat en ligne, chacun et chacune peut alors b\u00e9n\u00e9ficier de conseils personnalis\u00e9s de la part de professionnels et d\u2019\u00e9changer directement avec des compagnies de recruteurs.<\/p>\n<p>Une franche r\u00e9ussite dont se r\u00e9jouit Maya Val\u00e9rie Fenoarisoa\u00a0: \u00ab\u00a0S\u2019il reste encore beaucoup de domaines \u00e0 am\u00e9liorer, en particulier en ce qui concernant l\u2019exp\u00e9rience utilisateur, l\u2019\u00e9v\u00e8nement est un v\u00e9ritable succ\u00e8s, surtout pour une premi\u00e8re \u00e9dition\u00a0!\u00a0\u00bb Est-ce que l\u2019on peut alors s\u2019attendre \u00e0 une seconde \u00e9dition\u00a0? Une question \u00e0 laquelle l\u2019organisatrice r\u00e9pond avec enthousiasme\u00a0: \u00ab\u00a0L\u2019organisation d\u2019une seconde \u00e9dition est en cours de discussion pour le semestre prochain \u00e0 plus grande \u00e9chelle avec des opportunit\u00e9s provenant \u00e9galement des pays voisins.\u00a0\u00bb A ne pas rater alors\u00a0!<\/p>\n<div class=\"pdf24Plugin-cp\"> \t<form name=\"pdf24Form0\" method=\"post\" action=\"https:\/\/doc2pdf.pdf24.org\/wordpress.php\" target=\"pdf24PopWin\" onsubmit=\"var pdf24Win = window.open('about:blank', 'pdf24PopWin', 'resizable=yes,scrollbars=yes,width=600,height=250,left='+(screen.width\/2-300)+',top='+(screen.height\/3-125)+''); pdf24Win.focus(); if(typeof pdf24OnCreatePDF === 'function'){void(pdf24OnCreatePDF(this,pdf24Win));}\"> \t\t<input type=\"hidden\" name=\"blogCharset\" value=\"Cw1x07UAAA==\" \/><input type=\"hidden\" name=\"blogPosts\" value=\"MwQA\" \/><input type=\"hidden\" name=\"blogUrl\" value=\"yygpKSi20tcvLilNSc0r0SvNy0wr0kvO0C8uSE0uKSrNBQA=\" \/><input type=\"hidden\" name=\"blogName\" value=\"Cy5ITS4pKs0FAA==\" \/><input type=\"hidden\" name=\"blogValueEncoding\" value=\"gzdeflate base64\" \/><input type=\"hidden\" name=\"blogDocHeader\" value=\"AwA=\" \/><input type=\"hidden\" name=\"blogDocSize\" value=\"MzI0qDCyNAcA\" \/><input type=\"hidden\" name=\"blogDocOrientation\" value=\"K8gvKilKzCwBAA==\" \/><input type=\"hidden\" name=\"blogDocStyle\" value=\"AwA=\" \/><input type=\"hidden\" name=\"blogDocFilename\" value=\"AwA=\" \/><input type=\"hidden\" name=\"postId_0\" value=\"MzS0tDAGAA==\" \/><input type=\"hidden\" name=\"postTitle_0\" value=\"i8wvLclQcCstKS1KVXBJrNRRKM1TKMjPK1EoSy0qVshJVcjNz0tJVSgoyk9LLS7OzM\/LS80BAA==\" \/><input type=\"hidden\" name=\"postLink_0\" value=\"BcHbDYAgDADAiUrFT7cxUgIJtE0fJm7v3YhQvxA9shFHSZ7dyjPQlZ6w3Hge54G14icZA3pGGkG7P0gGFQ54yRwWwRZuBGrSyX0KMy38AQ==\" \/><input type=\"hidden\" name=\"postAuthor_0\" value=\"C8nITEoszSlR8M0vzclJLQEA\" \/><input type=\"hidden\" name=\"postDateTime_0\" value=\"MzIwMtA1NNQ1MlEwNLAyNLQyMQAA\" \/><input type=\"hidden\" name=\"postContent_0\" value=\"jVbBbiNFEL3zFcUNJOMse0LIyipasghpV0JEIHFs95TtDj3dk67u2eTGP3Di5mOs\/QRutvgRvoRX3eOssyESp9iT6apXr9577cVwvpCcYlifv\/3n9z8vfri8unxNMa1NcMLkDQ2Je3e4T0yHXeeyi4G6QvsP++2vseQNvSm54J\/fmbv9dv8XDbEkciEfduvEiTwLzuXSOROyUGeC4Bn1MXSsdXIyo3F+Tj\/xEFM2ayZTyP79B6rgDcsZx8fDLnDPIdPoUi7s54uzCfTibDj\/bDFU8FNX0zD+v8bEkqkExphx6Q+7HqdvClM67GxJCT15RgABIsTl0moLyMnGYeoGMQN0CIcd08sXL1+Qjf3ga5UOqEzJQECDLxVA63Pf85wuVi60V1w3UXXNwALgW1rV+p5LkrYC1g9mmqQE4gAyYpiIQdkVizh94GfkdZci0bqGGNRwCvWz8fwpOYyRrONg62MbQ+wVvujgGKbnhDoK74umjy9JUF+Z6+PSeSeHHWigr7+hEEful2kiwoxsK5RJT8fNPCOr5zS1335+XPM744RuSuv+FXoqy3YCo5+fr\/GKLkPGA4y3OuxSm9aAgjg6gaZ0vg7TJzfqvvQr64EhwQhCsZAZlGUIyInoK8qilGsGg8PG+SgRfypv3h12WvyJ3GaTBHCITPPKsmgl6iEjoMMqEvv\/lDC3jqegBOeVSxzgVUw9Hw2CLgvuz7+PsXtvvF+c4cuc3pk7Q78YyDw5pjccokGdaGa036oHtPzDqpJTggC9wYULbpuq99tvQTOp49Sa90cFMvrXUQbjoVYVMWTq+urrJtGm\/Db3Y7mrSjasCzO2DTB72LOOCP6CTOmDpyg8UVtRTBwdCz22xknKNCXQlVOeM\/eDQLGpN9iLCue1SQzgkIzom9OyoE\/IAubilknPSWyGza1TLINxaOpWTWVYnGD8ru7vfUy\/ySYO0+YgRtMPRe3sRvi7hcpM5w2xjHWN9Tmmnug15fbIGqBIcWNqe3ska0zn3To09MKai6zpkWBTLMMhQZCTCsqz6TRZ1JQ1QruCZIU6plVGycWDk5o6XUV5KhIgkzn9iMLtNFKmVz+3cGyLshuTHxDN9KvV+MrTJzRhWMD4CBhLJP1ht3JWBdRVswo7Lzq+YKOmho0cM8SkhvI0\/JpRqizQIKy1ENDY3NRQM6kR1g9mHVxjEi+kkjVt58es+RnQVmDJbup1UNAAQd9FFJH65DoWbPo5UzWb7LdXSoxHA8lqbxvBzJJNsVCKdu5ij4U0FxiQ5x3eSDNlTOdztlQ34WuNO6ecWA1zDSkV++1QW+MhlaxpbHSOdgecGrTddDTq29ksvcrH2sO9zFSNGYpuxmy34afpjBCu9\/vlx9ytyR5O16fXgsF1GDo9ua2lhG116sdCr0ip1aCsflbTmpsWWo8uC00g5XnA+bY3jLGJRZyRno\/8vn1yv1TZPW1cCVAaY2mCR47bIs1dLZFwpsdbqUoK6nEVXb26q1+0GOSgSB90FAcNODg4qzBxbuS6G\/wUwZ3ZEqia705ojE5gvppDdEFKNG50\/GLBgiuDx6vuXw==\" \/> \t\t<a href=\"https:\/\/www.pdf24.org\" target=\"_blank\" title=\"www.pdf24.org\" rel=\"nofollow\"><img src=\"https:\/\/student.unifr.ch\/spectrum\/wp-content\/plugins\/pdf24-post-to-pdf\/img\/pdf_32x32.png\" alt=\"\" border=\"0\" height=\"32\" \/><\/a> \t\t<span class=\"pdf24Plugin-cp-space\">&nbsp;&nbsp;<\/span> \t\t<span class=\"pdf24Plugin-cp-text\">Envoyer l'article en PDF<\/span> \t\t<span class=\"pdf24Plugin-cp-space\">&nbsp;&nbsp;<\/span> \t\t<input class=\"pdf24Plugin-cp-input\" style=\"margin: 0px;\" type=\"text\" name=\"sendEmailTo\" placeholder=\"Entrez l'adresse e-mail\" \/> \t\t<input class=\"pdf24Plugin-cp-submit\" style=\"margin: 0px;\" type=\"submit\" value=\"Envoyer\" \/> \t<\/form> <\/div>","protected":false},"excerpt":{"rendered":"<div class=\"post-excerpt\">L\u2019AIESEC organise la premi\u00e8re \u00e9dition du \u00ab\u00a0Youth Future Day\u00a0\u00bb pour int\u00e9grer les \u00e9tudiants dans le monde du travail. Reportage au c\u0153ur de cet \u00e9v\u00e9nement&hellip;<\/div>\n","protected":false},"author":128,"featured_media":11984,"comment_status":"closed","ping_status":"closed","sticky":false,"template":"","format":"standard","meta":{"_exactmetrics_skip_tracking":false,"_exactmetrics_sitenote_active":false,"_exactmetrics_sitenote_note":"","_exactmetrics_sitenote_category":0,"footnotes":""},"categories":[113],"tags":[1991,2091,2089,2092,2090,2088],"views":1353,"_links":{"self":[{"href":"https:\/\/student.unifr.ch\/spectrum\/wp-json\/wp\/v2\/posts\/11983"}],"collection":[{"href":"https:\/\/student.unifr.ch\/spectrum\/wp-json\/wp\/v2\/posts"}],"about":[{"href":"https:\/\/student.unifr.ch\/spectrum\/wp-json\/wp\/v2\/types\/post"}],"author":[{"embeddable":true,"href":"https:\/\/student.unifr.ch\/spectrum\/wp-json\/wp\/v2\/users\/128"}],"replies":[{"embeddable":true,"href":"https:\/\/student.unifr.ch\/spectrum\/wp-json\/wp\/v2\/comments?post=11983"}],"version-history":[{"count":3,"href":"https:\/\/student.unifr.ch\/spectrum\/wp-json\/wp\/v2\/posts\/11983\/revisions"}],"predecessor-version":[{"id":11988,"href":"https:\/\/student.unifr.ch\/spectrum\/wp-json\/wp\/v2\/posts\/11983\/revisions\/11988"}],"wp:featuredmedia":[{"embeddable":true,"href":"https:\/\/student.unifr.ch\/spectrum\/wp-json\/wp\/v2\/media\/11984"}],"wp:attachment":[{"href":"https:\/\/student.unifr.ch\/spectrum\/wp-json\/wp\/v2\/media?parent=11983"}],"wp:term":[{"taxonomy":"category","embeddable":true,"href":"https:\/\/student.unifr.ch\/spectrum\/wp-json\/wp\/v2\/categories?post=11983"},{"taxonomy":"post_tag","embeddable":true,"href":"https:\/\/student.unifr.ch\/spectrum\/wp-json\/wp\/v2\/tags?post=11983"}],"curies":[{"name":"wp","href":"https:\/\/api.w.org\/{rel}","templated":true}]}}