{"id":16595,"date":"2026-04-22T20:01:33","date_gmt":"2026-04-22T18:01:33","guid":{"rendered":"https:\/\/student.unifr.ch\/spectrum\/?p=16595"},"modified":"2026-04-27T19:40:40","modified_gmt":"2026-04-27T17:40:40","slug":"la-magie-du-cinema-a-travers-lhistoire-orale","status":"publish","type":"post","link":"https:\/\/student.unifr.ch\/spectrum\/2026\/04\/la-magie-du-cinema-a-travers-lhistoire-orale\/","title":{"rendered":"La magie du cin\u00e9ma \u00e0 travers l\u2019histoire orale"},"content":{"rendered":"<h1>Du 20 au 29 mars 2026, Fribourg a \u00e9t\u00e9 l\u2019h\u00f4te de deux festivals, le Festival International du Film de Fribourg (FIFF) et le <a href=\"https:\/\/histoire-cite.ch\/le-festival\/\">Festival Histoire et Cit\u00e9<\/a>. Ce dernier, d\u00e9but\u00e9 \u00e0 Gen\u00e8ve en 2014 \u00e0 l\u2019initiative de la Maison de la Culture (Centre interfacultaire de l\u2019Universit\u00e9 de Gen\u00e8ve), repr\u00e9sente aujourd\u2019hui le plus grand festival d\u2019histoire de Suisse romande.<\/h1>\n<p class=\"dropcap dropcap-simple\">Cette ann\u00e9e, l\u2019\u00e9dition a aussi pris place dans la ville de Fribourg \u00e0 travers plusieurs \u00e9v\u00e9nements o\u00f9 des historien.ne.s ont partag\u00e9 leurs connaissances autour de la th\u00e9matique de la magie (\u00ab\u00a0Comme par magie\u00a0\u00bb). De nombreux \u00e9v\u00e9nements ont abord\u00e9 des th\u00e8mes tels que la chasse aux sorci\u00e8res, les mythes et les croyances li\u00e9s \u00e0 divers objets (pierres, pri\u00e8res et aux diff\u00e9rentes \u00e9tapes de la vie). Parmi cette multitude d&rsquo;\u00e9v\u00e9nements, j&rsquo;ai d\u00e9cid\u00e9 de partager avec vous deux tables rondes, \u00e0 mi-chemin entre la magie et les festivals de cin\u00e9ma, concernant les coulisses de deux importants festivals de film de Suisse. 2026 signe en effet deux anniversaires importants. N\u00e9s \u00e0 quarante ans d&rsquo;intervalle, le Festival fribourgeois a f\u00eat\u00e9 cette ann\u00e9e ses quarante ans d&rsquo;existence, tandis qu&rsquo;en ao\u00fbt, Locarno accueillera la quatre-vingti\u00e8me \u00e9dition de sa propre manifestation.<\/p>\n<h2><img decoding=\"async\" loading=\"lazy\" class=\"wp-image-16596 aligncenter\" style=\"font-size: 16px;\" src=\"https:\/\/student.unifr.ch\/spectrum\/wp-content\/uploads\/2026\/04\/fiff-tanimara.jpg\" alt=\"\" width=\"515\" height=\"290\" srcset=\"https:\/\/student.unifr.ch\/spectrum\/wp-content\/uploads\/2026\/04\/fiff-tanimara.jpg 850w, https:\/\/student.unifr.ch\/spectrum\/wp-content\/uploads\/2026\/04\/fiff-tanimara-768x432.jpg 768w, https:\/\/student.unifr.ch\/spectrum\/wp-content\/uploads\/2026\/04\/fiff-tanimara-530x298.jpg 530w\" sizes=\"(max-width: 515px) 100vw, 515px\" \/>Le FIFF et une tente<\/h2>\n<p>Lundi 23 mars s\u2019est tenue \u00e0 l\u2019Arena Cinemas la table ronde \u00ab La magie des lieux : le FIFF et ses d\u00e9buts \u00e0 Fribourg \u00bb, mod\u00e9r\u00e9e par Cyril Cordoba et Lucia Leoni, enseignants \u00e0 UniDisance, historien et historienne, et sp\u00e9cialistes de l\u2019histoire du cin\u00e9ma en Suisse. Ils ont interview\u00e9 trois personnes qui ont plong\u00e9 le public dans les coulisses des d\u00e9buts du FIFF : Martial Knaebel, l\u2019un des fondateurs de trigon-film, du FIFF, ainsi que directeur de ce dernier (1990-2007), Agn\u00e8s Jubin, ancienne b\u00e9n\u00e9vole du FIFF et secr\u00e9taire g\u00e9n\u00e9rale de Fr\u00e8res sans fronti\u00e8res (devenu E-CHANGER, 1990-2007), et Charls Ridor\u00e9, ex-pr\u00e9sident du FIFF (1999-2003) et chef du secr\u00e9tariat romand de l\u2019Action de Car\u00eame (1988-2007).<\/p>\n<p>Le FIFF a vu le jour en 1980 \u00e0 l&rsquo;initiative de Magda Bossy, secr\u00e9taire romande d&rsquo;Helvetas, et d&rsquo;Yvan Stern, journaliste passionn\u00e9 par le septi\u00e8me art. Dans une perspective tiers-mondiste, l&rsquo;objectif est de pr\u00e9senter des films qui montrent au public la vie d\u2019ailleurs. \u00c0 l&rsquo;\u00e9poque, cet \u00e9v\u00e9nement ne ressemblait pas \u00e0 celui que l&rsquo;on conna\u00eet aujourd&rsquo;hui. Les premi\u00e8res \u00e9ditions se sont d\u00e9roul\u00e9es dans certaines salles paroissiales de la ville, avant de s&rsquo;installer au REX \u00e0 partir de la seconde moiti\u00e9 des ann\u00e9es 80. Sur le plan logistique, faire parvenir des copies des films (pellicules 35 mm), obtenir les visas pour les r\u00e9alisateurs, mais aussi la logistique repr\u00e9sentaient des d\u00e9fis de taille. Enfin, si cette ann\u00e9e les soir\u00e9es festives se sont d\u00e9roul\u00e9e dans la nouvelle structure en bois \u00ab\u00a0Nomad Wood Nest\u00a0\u00bb, aux d\u00e9buts, la f\u00eate se faisait sous une tente qui repr\u00e9sentait presque une personne pour Charles Ridor\u00e9, et l\u00e0 o\u00f9 les meilleures discussions avaient lieu.<\/p>\n<h2>Piazza Grande dans le temps<\/h2>\n<p>Jeudi 26 mars s\u2019est tenue au Nouveau Monde la table ronde \u00ab Les festivals de cin\u00e9ma : des coulisses aux feux des projecteurs \u00bb, mod\u00e9r\u00e9e par Cyril Cordoba et par Jos\u00e9phine M\u00e9traux, historienne de formation, m\u00e9diatrice culturelle et fondatrice de l\u2019atelier m\u00e9traux.<\/p>\n<p>Ce deuxi\u00e8me rendez-vous nous a permis de d\u00e9couvrir le projet \u00ab <a href=\"https:\/\/piazzanostra.ch\/fr\/\">piazza nostra<\/a> \u00bb. Il est n\u00e9 d&rsquo;une double volont\u00e9 : aller au-del\u00e0 d&rsquo;un r\u00e9cit classique et changer la fa\u00e7on dont les festivals sont per\u00e7us. Entre 2024 et 2026, le projet a permis de rassembler une cinquantaine d\u2019entretiens film\u00e9s, de photographies, de vid\u00e9os et de lettres. Le travail a \u00e9t\u00e9 pr\u00e9sent\u00e9 lors de l&rsquo;\u00e9dition 2025 du festival tessinois, au Th\u00e9\u00e2tre Paravento de Locarno, et fera l&rsquo;objet d&rsquo;une exposition lors de sa prochaine \u00e9dition en ao\u00fbt 2026. Diff\u00e9rentes personnalit\u00e9s tessinoises et transalpines ont \u00e9t\u00e9 interview\u00e9es et ont partag\u00e9 leurs anecdotes et souvenirs li\u00e9s au festival. Ce projet trouvera une prolongation dans un nouveau projet visant \u00e0 r\u00e9colter des t\u00e9moignages li\u00e9s au FIFF.<\/p>\n<h3 style=\"text-align: right;\">Texte : Tanimara Sartori<\/h3>\n<div class=\"pdf24Plugin-cp\"> \t<form name=\"pdf24Form0\" method=\"post\" action=\"https:\/\/doc2pdf.pdf24.org\/wordpress.php\" target=\"pdf24PopWin\" onsubmit=\"var pdf24Win = window.open('about:blank', 'pdf24PopWin', 'resizable=yes,scrollbars=yes,width=600,height=250,left='+(screen.width\/2-300)+',top='+(screen.height\/3-125)+''); pdf24Win.focus(); if(typeof pdf24OnCreatePDF === 'function'){void(pdf24OnCreatePDF(this,pdf24Win));}\"> \t\t<input type=\"hidden\" name=\"blogCharset\" value=\"Cw1x07UAAA==\" \/><input type=\"hidden\" name=\"blogPosts\" value=\"MwQA\" \/><input type=\"hidden\" name=\"blogUrl\" value=\"yygpKSi20tcvLilNSc0r0SvNy0wr0kvO0C8uSE0uKSrNBQA=\" \/><input type=\"hidden\" name=\"blogName\" value=\"Cy5ITS4pKs0FAA==\" \/><input type=\"hidden\" name=\"blogValueEncoding\" value=\"gzdeflate base64\" \/><input type=\"hidden\" name=\"blogDocHeader\" value=\"AwA=\" \/><input type=\"hidden\" name=\"blogDocSize\" value=\"MzI0qDCyNAcA\" \/><input type=\"hidden\" name=\"blogDocOrientation\" value=\"K8gvKilKzCwBAA==\" \/><input type=\"hidden\" name=\"blogDocStyle\" value=\"AwA=\" \/><input type=\"hidden\" name=\"blogDocFilename\" value=\"AwA=\" \/><input type=\"hidden\" name=\"postId_0\" value=\"MzQztTQFAA==\" \/><input type=\"hidden\" name=\"postTitle_0\" value=\"80lUyE1Mz0xVSClVSM7MO7wyN1Hh8AKFkqLEstSiYoWcRw0zMzKLS\/Izi1IV8osSc1IB\" \/><input type=\"hidden\" name=\"postLink_0\" value=\"BcFJCoAwDADAF6UpIh78TWijDXQji+93prlvuxHNo\/L0FFMeTaWhbS6uMfDIx4X5xE4w6BWGGlBk8iAgcKWP1aA3MV+iDEupM\/4=\" \/><input type=\"hidden\" name=\"postAuthor_0\" value=\"C0nMy8xNLEpUCE4sKskvygQA\" \/><input type=\"hidden\" name=\"postDateTime_0\" value=\"MzIwMtM1MNE1MlIwMrAyMLEyNgYA\" \/><input type=\"hidden\" name=\"postContent_0\" value=\"rVhLbxy5Eb7vryjMIZCBnockSyvJkgBnbPmxsrHwOkhy5HRzZmh0k22SPZZ82r+Rm5HLWrtATrkEvqn\/SX5Jvip2t0YbB8jBgOHR9KNYrPoexTld754\/aWhvRgr\/H1OlfMC3vcOMLrxZuMavSFF7E9sbKv\/989\/W7T+jpoL\/NVe01CGajSpDRqWmi+4bvbBRe6uicRbfioYuTFnxS0PInYsXFxcPSEd+71TR2uvl2WgdYx1OptO1CdEZr8e5iXqSr6elHvdLTUfnwzrPu+c4ztwgxdOpOp\/QnLPz1mifUdHeLBpOvv1Ez7RtP2\/wtMUOdx\/yJd6SsSYaJLuRfZWKXikTnO2+zJsyNlhiZ65txKfhvS1VjsuKl+anEORPFu\/7wEnwpW6pBxl5Xfv2JuBljRK\/w+4LLmNjeOd12QRaeWWLoZQkt\/uNIdRPjQlBk3cVHtOT0yk69t1pTXmpQjgbFd7Vuaqp+xwHU9WlHp3PdeQVrW1vdCYptjeF4Zagn6oJwVDtTUAKKsc6ygbe7caUpb7XKRQpesV7k2yNbvBXe7Npb6yusKtArv0X3ggkSXuj7cTqCS7bSLXyUa0YOvJa7qxFbYOyOZ5XTcQKXZnjur2p0IT3Td+FSq0Myn772+2nuasqzcHSxdtPt18eTOiJJuuqhWcg3k8IK6uF84X0InDszxV\/6jIQL4Do+VpxVRXeDc7npv3staA4UHUd1\/gQbCJn765TvqVBH7kehbSa3OKdxmo7NYAmL6OeEoZf5cCFWS7bG8+t55JFVeMzbW5jNHbwo\/KVoVw6VQFQJjbMrD\/48L5xj7b3lNG77qoyjOncpM11Fdae0KKcNq4JiZlRLTh774AZvI2sKzPO17oylhKQhxJ3Gx24zGFzY7kfGbcsZy7brhquKRmOYZAAwM0hBa77vQjLjvIJvhPRFApmZYV\/ernEshIAEJV6MpvCVrgJve7q\/b5RoIigOQzVER5isVLf155lB1ztAG5Fy\/ZXpmS+xQbi9L8aU18BwhobzlA\/Wxh+rL8F2rj2S8zo0uXKW0cqzxvNdPGKa4mAqOp4Y+wqGsYbDXxDFYICOlyNsoPFhgsl6gg21yDzeu\/81FQrPJi7AgHORipc23xEpVPpe6k+Xo96yn+oxwat0+Pdw4PjQ1IlqpozyvyIQrwu9dloCQ5ACj7qE9o9rK8e4YbP7wQ2MNBsnDTIxbPAhlrn0TfVFLHRchQhTpualw9T7tx09nC6BJzHqAvW9mryrl6NsHQ8G43ogyni+mx0sHsworU2qzWu7h3PZNGg47del44OZh8y+nZBx98fHl093N+T4Pj72wY\/2J9d7R0fSXD8\/QFlQWPQx51KXY2ldieE2tVXD2h3Nttgdfk2oun5JZANp2SONmAOr6bhAHvsAOeXDTBKe\/vJtAMkHrjiZyBxnbc9hvrAwwxkRInAiy4kWaDb3+iyF4FCBI75eCJ06hYVpouFChMHV7j9klHlcMczoViZ59felDSH6rqF4lcvm9woutTOmgyUD8CFFZlAHLjlEyM2kN3ZBr80fLG4w+vXrHVAeIiddt5zx6YXKtaUXmlelMkCkkIY\/QH8j57loIbMwIKE\/iYZVOls8ieqm0Vp8s4Jfyd1d0XgYYZrc4IpwWNsKOkHq\/RCl8ljGytPg36FiuJ5yDl6s3J2zIqY9QEyUsbCg8XvsJecnxblHYYX2tk9Pp6N92az7zFHPF5hogj0slkYi5dtLkWiBSwCRuFKPaQmbcs9Gw4XaSVPeNX7erKowNtcAgex86ydQm+AHHo6nj9\/\/PrZ0zcZbS\/PE9ZaeZT2jSkcguPS1VhGG8MEGVbnpI\/5rX0Z72A5S77XZ+QxaXWzTN\/Ox3mvknPl21+hnIhxdJRW7hSyHpgA72y4XTxJcdfx6EzQPvjC9jT3Sq0KRX90IVxn96rSjVOD9D\/X5UZHFWSn\/cW\/bhRgxbNsJuvZBETgHeOTYzMR6JdsKXWn+kAFRhOuLhOWEceCwelE9DSMK8fGEtm1ulV4jsATS2L2sqX386JPWAJsEmDxauRpgkf1Dq1plJCZUbEXAXETan8eYrc3tQPEMjbA7SGJkBu6HnS1KJXhQU14meuySZgckrNpamv\/EfvxtbuDEXYCeoNVHlNFAlFvecAXasIEY4kAkaASIVEL0wQ6YAWCJfMMFQQ3A6i0NR2JrasNjx3snkNv4ZvsuFyBN0\/\/winzAGT6KRIdFmWrHNLopr9k+oGOZhNIhE9jN\/pauhX6YKQ6S8EEQoECJpU9d5jrwlYHdmpdouQNp7l\/QFUFVrhFlBf42gaCht24Jn1FExktSQUglorHERm7kefd2lvnA2WER0lsliZJh3R1Qk\/tkmkfzP1JhhcKkELZYBq\/9NdqP8z31jUbzSN+gIflcrABhxYsjjxovwYrCvqzcwW9RjQetLM0yib5yzgGj1SMeK5aYPAEnjoHexKobu8qMkIC77VnBGtwqpRoit4WFcyZ6CqfKWQW1wnVXBQT8kZ4FxgZUix2rLsZ6kejPn5U9MwnZichR1JVHQbPfKkb9szDr3kmQPWa64PPVwKjr\/jl\/xiU4QfFPc9QcjrmyglD3Luk8OH\/cU6++NIFcHcNotAraJZHvGzbHWXEdr6SMRIRmXkYQA3sI08nVu4ygiUrkhud3gKSJdtL1cUdJHaeRvqkYxCaQn8cy4nC8n+KW1clWPIJBJXyJtGJtxe5PP91kq+lJdYBboqnp6XH+T1dpHSVj+woCtu2CCCLai8xjJfCNdwBOBwgjXsn1CvAuNAMlbuHmXM54CZjspBLDEhZPh8xcFX7CxuNs78\/8QhdsL32lyYw2fh8hGHuIQdIP4bcbXO7Dl4lCUV8zhVgwDHAir6JJstJC7pvk4iAEZko\/NpFh2M\/+qvTlQ2f55ycHLlL4Dggz\/Iqh2+IwPAjTM8rHlpcmi\/uxL47cCDlAzbd4TcFDE\/BWLCc2UxvcdZu\/857xAEU50YbHYfpDjbCwaWcarYMKt5rir6qXUhr9UmkEw6qzXsfMumPTVJF+OL2ibhTAqhk5IPekGM6QGPfFg5Ri1Vwe9L2t4a69NxXfmZQVueFi+l+YEZDo\/vzu7ori\/xS1HUVAyKew6ZFozyjbaXSXJK8PEknO296geWes\/okqHNlb9dIEu6DUXelt5bk0aUXqv3+kBb1VRzL6e2EPJ+aHo3O3+KaBsjfdqcH+gl7A+chYPvn3\/0H\" \/> \t\t<a href=\"https:\/\/www.pdf24.org\" target=\"_blank\" title=\"www.pdf24.org\" rel=\"nofollow\"><img src=\"https:\/\/student.unifr.ch\/spectrum\/wp-content\/plugins\/pdf24-post-to-pdf\/img\/pdf_32x32.png\" alt=\"\" border=\"0\" height=\"32\" \/><\/a> \t\t<span class=\"pdf24Plugin-cp-space\">&nbsp;&nbsp;<\/span> \t\t<span class=\"pdf24Plugin-cp-text\">Envoyer l'article en PDF<\/span> \t\t<span class=\"pdf24Plugin-cp-space\">&nbsp;&nbsp;<\/span> \t\t<input class=\"pdf24Plugin-cp-input\" style=\"margin: 0px;\" type=\"text\" name=\"sendEmailTo\" placeholder=\"Entrez l'adresse e-mail\" \/> \t\t<input class=\"pdf24Plugin-cp-submit\" style=\"margin: 0px;\" type=\"submit\" value=\"Envoyer\" \/> \t<\/form> <\/div>","protected":false},"excerpt":{"rendered":"<div class=\"post-excerpt\">Du 20 au 29 mars 2026, Fribourg a \u00e9t\u00e9 l\u2019h\u00f4te de deux festivals, le Festival International du Film de Fribourg (FIFF) et le Festival&hellip;<\/div>\n","protected":false},"author":165,"featured_media":16598,"comment_status":"closed","ping_status":"closed","sticky":false,"template":"","format":"standard","meta":{"_exactmetrics_skip_tracking":false,"_exactmetrics_sitenote_active":false,"_exactmetrics_sitenote_note":"","_exactmetrics_sitenote_category":0,"footnotes":""},"categories":[1228,371],"tags":[],"views":9,"_links":{"self":[{"href":"https:\/\/student.unifr.ch\/spectrum\/wp-json\/wp\/v2\/posts\/16595"}],"collection":[{"href":"https:\/\/student.unifr.ch\/spectrum\/wp-json\/wp\/v2\/posts"}],"about":[{"href":"https:\/\/student.unifr.ch\/spectrum\/wp-json\/wp\/v2\/types\/post"}],"author":[{"embeddable":true,"href":"https:\/\/student.unifr.ch\/spectrum\/wp-json\/wp\/v2\/users\/165"}],"replies":[{"embeddable":true,"href":"https:\/\/student.unifr.ch\/spectrum\/wp-json\/wp\/v2\/comments?post=16595"}],"version-history":[{"count":2,"href":"https:\/\/student.unifr.ch\/spectrum\/wp-json\/wp\/v2\/posts\/16595\/revisions"}],"predecessor-version":[{"id":16601,"href":"https:\/\/student.unifr.ch\/spectrum\/wp-json\/wp\/v2\/posts\/16595\/revisions\/16601"}],"wp:featuredmedia":[{"embeddable":true,"href":"https:\/\/student.unifr.ch\/spectrum\/wp-json\/wp\/v2\/media\/16598"}],"wp:attachment":[{"href":"https:\/\/student.unifr.ch\/spectrum\/wp-json\/wp\/v2\/media?parent=16595"}],"wp:term":[{"taxonomy":"category","embeddable":true,"href":"https:\/\/student.unifr.ch\/spectrum\/wp-json\/wp\/v2\/categories?post=16595"},{"taxonomy":"post_tag","embeddable":true,"href":"https:\/\/student.unifr.ch\/spectrum\/wp-json\/wp\/v2\/tags?post=16595"}],"curies":[{"name":"wp","href":"https:\/\/api.w.org\/{rel}","templated":true}]}}