{"id":7956,"date":"2017-12-20T18:23:42","date_gmt":"2017-12-20T17:23:42","guid":{"rendered":"https:\/\/student.unifr.ch\/spectrum\/?p=7956"},"modified":"2017-12-21T10:59:33","modified_gmt":"2017-12-21T09:59:33","slug":"hausse-taxes-plus-de-200-collaborateurs-de-luniversite-se-solidarisent-etudiantes","status":"publish","type":"post","link":"https:\/\/student.unifr.ch\/spectrum\/2017\/12\/hausse-taxes-plus-de-200-collaborateurs-de-luniversite-se-solidarisent-etudiantes\/","title":{"rendered":"Hausse des taxes : Plus de 200 collaborateurs de l\u2019Universit\u00e9 se solidarisent avec les \u00e9tudiant(e)s"},"content":{"rendered":"<p>La position des employ\u00e9es de l\u2019Universit\u00e9 de Fribourg quant \u00e0 la hausse des taxes semestrielles est rest\u00e9e floue depuis l\u2019annonce de celle-ci. Ces derniers ont finalement fait part de leur opinion dans un communiqu\u00e9 de presse adress\u00e9 mardi aux journaux r\u00e9gionaux. L\u2019appel (texte ci-dessous) fait part de leur position et est sign\u00e9 par 208 collaborateurs de l\u2019Universit\u00e9. Les signataires demandent au Conseil d\u2019Etat de davantage soutenir financi\u00e8rement l\u2019\u00e9tablissement tertiaire, qui comme ils le rappellent, entraine des retomb\u00e9es \u00e9conomiques, culturelles et sociales pour la r\u00e9gion.<br \/>\nDans le document, il est demand\u00e9 au rectorat, de faire son possible \u00ab pour obtenir les moyens de financer les formations offertes et de contribuer au d\u00e9veloppement de la recherche \u00bb. Les collaborateurs font \u00e9galement part de leurs pr\u00e9occupations concernant \u00ab l\u2019\u00e9volution du fonctionnement interne de l\u2019\u00e9tablissement ainsi que la relation entre l\u2019Universit\u00e9 et l\u2019Etat \u00bb.<\/p>\n<p>L\u2019appel a \u00e9t\u00e9 sign\u00e9 par des employ\u00e9es de diff\u00e9rents domaines au sein de l\u2019Universit\u00e9 : outre les professeurs, les lecteurs, les assistants, des biblioth\u00e9caires, des secr\u00e9taires et des collaborateurs techniques et de la mensa ont \u00e9galement soutenu l\u2019appel, tout comme les repr\u00e9sentants des \u00e9tudiants. Les professeurs et assistants sont pour la majorit\u00e9 membre de la facult\u00e9 des Lettres et des Sciences. Quelques noms \u00e9manent de la facult\u00e9 de Droit, quant aux th\u00e9ologiens, il n\u2019y en a aucun.<\/p>\n<p>Il est aujourd\u2019hui difficile d\u2019affirmer si cette mobilisation est repr\u00e9sentative de l\u2019ambiance interne au sein de l\u2019Universit\u00e9. Reste que l\u2019appel, \u00e9manant \u00e0 la base d\u2019une id\u00e9e de Collectif Stop la Hausse Fribourg, est un signal fort au Conseil d\u2019Etat et au rectorat contre la hausse des taxes semestrielles impos\u00e9e aux \u00e9tudiants. Selon les Freiburger Nachrichten 253 doctorants auraient \u00e9galement adress\u00e9 une lettre au Conseil d\u2019Etat. Le mot de la fin se tient dans le camp du Grand Conseil, lequel peut encore jusqu\u2019\u00e0 la fin du mois d\u00e9poser un mandat pour annuler la hausse. La d\u00e9cision finale sera prise d\u00e9but 2018.<\/p>\n<div class=\"content-block block-border-all\">\n<h2>L\u2019appel<\/h2>\n<p>Nous, employ\u00e9\u2219e\u2219s de l\u2019Universit\u00e9 de Fribourg tenons \u00e0 faire part de notre inqui\u00e9tude face \u00e0 l\u2019\u00e9volution r\u00e9cente de l\u2019Universit\u00e9, tant dans son fonctionnement interne que dans ses rapports avec l\u2019Etat. L&rsquo;enveloppe budg\u00e9taire allou\u00e9e par le canton n&rsquo;\u00e9tant pas suffisante, nous avons appris que les \u00e9tudiant\u2219e\u2219s et doctorant\u2219e\u2219s devraient contribuer eux-m\u00eames \u00e0 cette lacune.<br \/>\nNous exprimons notre soutien aux \u00e9tudiant\u2219e\u2219s et doctorant\u2219e\u2219s qui se mobilisent contre la hausse des taxes;<br \/>\nNous affirmons notre attachement \u00e0 une Universit\u00e9 comme lieu de savoir et de d\u00e9bat, et tenons \u00e0 contribuer activement aux discussions sur son futur; nous estimons qu\u2019un d\u00e9bat urgent doit avoir lieu sur le r\u00f4le et l\u2019importance de l\u2019Universit\u00e9 pour la soci\u00e9t\u00e9; Nous demandons au Conseil d\u2019\u00c9tat de soutenir une Universit\u00e9 qui apporte un rayonnement intellectuel \u00e0 Fribourg, qui fait vivre la ville et le canton de Fribourg, et dont les retomb\u00e9es \u00e9conomiques, sociales et culturelles sont inestimables;<br \/>\nNous demandons au Rectorat de tout mettre en \u0153uvre pour renforcer l\u2019Universit\u00e9 en engageant des discussions fermes avec le Conseil d\u2019\u00c9tat pour obtenir les moyens de financer les formations offertes et de contribuer au d\u00e9veloppement de la recherche.<\/p>\n<\/div>\n<div><a href=\"https:\/\/appelunifr.wordpress.com\">Lien vers les signataires\u00a0<\/a><\/div>\n<p style=\"text-align: right;\"><span class=\"credits\"><b>Traduction : JULIE BRUELHART<\/b><\/span><\/p>\n<div class=\"pdf24Plugin-cp\"> \t<form name=\"pdf24Form0\" method=\"post\" action=\"https:\/\/doc2pdf.pdf24.org\/wordpress.php\" target=\"pdf24PopWin\" onsubmit=\"var pdf24Win = window.open('about:blank', 'pdf24PopWin', 'resizable=yes,scrollbars=yes,width=600,height=250,left='+(screen.width\/2-300)+',top='+(screen.height\/3-125)+''); pdf24Win.focus(); if(typeof pdf24OnCreatePDF === 'function'){void(pdf24OnCreatePDF(this,pdf24Win));}\"> \t\t<input type=\"hidden\" name=\"blogCharset\" value=\"Cw1x07UAAA==\" \/><input type=\"hidden\" name=\"blogPosts\" value=\"MwQA\" \/><input type=\"hidden\" name=\"blogUrl\" value=\"yygpKSi20tcvLilNSc0r0SvNy0wr0kvO0C8uSE0uKSrNBQA=\" \/><input type=\"hidden\" name=\"blogName\" value=\"Cy5ITS4pKs0FAA==\" \/><input type=\"hidden\" name=\"blogValueEncoding\" value=\"gzdeflate base64\" \/><input type=\"hidden\" name=\"blogDocHeader\" value=\"AwA=\" \/><input type=\"hidden\" name=\"blogDocSize\" value=\"MzI0qDCyNAcA\" \/><input type=\"hidden\" name=\"blogDocOrientation\" value=\"K8gvKilKzCwBAA==\" \/><input type=\"hidden\" name=\"blogDocStyle\" value=\"AwA=\" \/><input type=\"hidden\" name=\"blogDocFilename\" value=\"AwA=\" \/><input type=\"hidden\" name=\"postId_0\" value=\"M7c0NQMA\" \/><input type=\"hidden\" name=\"postTitle_0\" value=\"HYyxDYAwDMBeyQhbxcgFjCwcENoMkaJWatKKkTc4oXf0Ey6hYvFgyd6wqBIEUjC8BlfYpegQsDgHPongmTIalfxbee\/niFwpK1tvMGJNwgEzK0UDrORBxqg3K4Ex2kSzfg==\" \/><input type=\"hidden\" name=\"postLink_0\" value=\"HY1RCgMhDAVPlI3rT2Fvk2rKClYlLyk9fqW\/AzNzuy9czPCoOvyI0V52lJuxtLjFm3M6H3xmviUAJZevglYPUFXKKVGZvctzmriG\/WnflY8amittBbO3KtawB6R71GS4gn8=\" \/><input type=\"hidden\" name=\"postAuthor_0\" value=\"Czq8MiUxuSQzP08hPDUJAA==\" \/><input type=\"hidden\" name=\"postDateTime_0\" value=\"MzIwNNc1NNI1MlAwtLAyNLIyMQIA\" \/><input type=\"hidden\" name=\"postContent_0\" value=\"vVe7btxGFO39FQMVQQKstI6CAIa0XiDxI3YgGIhkf8BwONwdZzhDz2MjdS6TOpU7ldmkTZdOi\/yIvyTn3uFyKXntpEohiiSG93HuuefenXXzMyk6H00y3olaR6HbzvqrzRq3tRb2\/dt3r5xZ6YAjmzW9ehpM5XNYiDdZuiQ218JKsZQ5Rs0GkrzENepWxxSMtpaMxiQCLjArGuszneyyiWxfOuedoldC0fFDZY7EI\/YfnIFn4eGnMU5aGKVbaZLoZEgcoc5B+M44TkC6KLITyrdtduZNLiF38I3oZE3\/8aqVoTZC5kvxGpk4ugmb9QIWcHskziiortNWfJ70ZUJY5hCZRZ\/jF3ucD\/DpxIlGs3BwgjPi+P4DxGKtrHyQCYf3gQqHBBi+kkmawIm30tWUqszikXdRGytqfPUkSfZbyxWwlwstEFTSzgTGxymz+S0UkMjJZp1kZU2M5VXSIRnyMEHtDIOkhbGoghaBE7Y4NhG4BGlcKWfQybcV82GzVt75FrDqOBEq25RDX19k7ZWRdN8BUqJEj+jRrApiOr\/3mEoDR7VXuWU3yIngKskCMOQatEqE1ISSbChU2HWEcDQVPr75o5j3VUma\/LX+SjvGtUCgy+vGh1ZSWUCfpkHmJUwiGegEDmcchEt4XmnrkT1jROWRFMdSB\/yJm79Kee5UsSFKIsEtJceEAATI3SuVuz4ARfwGz3AQGZTKrLzNpekyWVN074ox41Aphn9fFVGZaFDAPlArC\/eQ04ftqgsPmDbIZDbt5vdm6PmB4BJJ0MERZz8Ugdo0zWYd4AKPviVqRIIOtHT7ROJEgJQUDbEh+IaaD7BM+IVFiXdPEoWNCcDECTuuUGbj0xJU41Yob6NWgVDg5uAiflCQhIo5ZmZfZYADuKIUdypVGiYX5SEMJiLhVd8NlhlP9Ys4LDljZn7KtaHHwoZRVuRulwXRNQ0t0MrXPjAkrW6roPu4Gkm9w9IUYS6lUVoXymiQBX5+yNpyPmg5igBdsiPoyIR4HLxJk16OScsIPm\/9ApYit5lDrlegCMots8puIMLz0oIykw6SwCyhC1Ruowz1KmGEh9CiV0A6hVg1Gq4yoGPPO1b2AbAEFmwpIdvKUD8OfP44ZY7EOQzpwupdYTjp3ZCpZCwxZRgzNQ0TmHoEIoBTphEXyXd07lkZRttBNeEgMRVYYi0pw35h1WmsQUUn9H+YbqaFQFE0BP6YKhcQFseceho0FCcsgOMLqZbBqCVYKI6\/\/ooEkfwReWSG7urbfB2GFiVtmSz7gideojIDPwAzIk5sre6lV8m2I7n5Dt7qrQXqQ8BuRafRBeCeh4PXOb7JJD3XW2P4rPUY2EAdySIN4Em6LXu2Y4hnq8MOLQQk6bQykXhSxjdiCtg3giE0N+sKHo\/vf\/mg52NtVkJZNNPDA8IeoR9W1qsfBV8P0ezYCA6ltQc4vDzeydhsiifi8wuM6MmgXu9\/fqfx96+LDDyRSiPZMnK2Yu48gW0chiVXlUYS6Eyg3JZwsF8hWr3HEdRFbktAo+wjUk\/EL2dIgJAUOAo+rLQaBByAfhZQFn+qXT+xRJXrRS+MArj4TCwkEedquwSHrv+IjvGggo+Mno54wiLggBj8UP7wisKUHhxr3gAjSdSWrCNsVz1pR3NV58vDdvN7qxnVIhsWkuX0dh2gSgl9CY8t+S5QkzYbkqlxH33aPS0ycdCkIYy9bXs69l10bedbpoTGLFVBzNRtY77048HoTEWOQAzrR5k0RGRaWXQaMWm8ZChSxdLMSKw2USEuXgwiOodZkbFKnZZiQFgKJtyBaLNiX5B6EJMg9qK452jIBO1vmz9x7ec9CVJIsl+q71J\/O51oY+PpfyoYkbKIMRNu68vml37tHJbNu+hQFQppNQlDkFe3GM4CTRoDYHaqTB\/xNr0yq1KwlbF9EgN961s6TunTbvupvXRYRHF6vKPyZKbVBfBin7pDh1vJn29HALzzctAW3QU1\/\/41U7CMITYizBJeOO\/uXbSQLbCfc+\/TFjUqOpZRaozS3HoP0v\/vituL7xTqWzR4PkPrBN08PFim1MWT6ZRFFr+nmnD0E0SYf04doSMO5mfUrpQ2BzT6DXNzPZvK+dZqJ2K6svrhAf2egoLj3IkIZrFMpwfzWeykG4Q\/6NqkiLfV\/GWQdWa1xEr5\/auz50\/Et+evnpw9++b85WxawTp9Oef4\/wE=\" \/> \t\t<a href=\"https:\/\/www.pdf24.org\" target=\"_blank\" title=\"www.pdf24.org\" rel=\"nofollow\"><img src=\"https:\/\/student.unifr.ch\/spectrum\/wp-content\/plugins\/pdf24-post-to-pdf\/img\/pdf_32x32.png\" alt=\"\" border=\"0\" height=\"32\" \/><\/a> \t\t<span class=\"pdf24Plugin-cp-space\">&nbsp;&nbsp;<\/span> \t\t<span class=\"pdf24Plugin-cp-text\">Envoyer l'article en PDF<\/span> \t\t<span class=\"pdf24Plugin-cp-space\">&nbsp;&nbsp;<\/span> \t\t<input class=\"pdf24Plugin-cp-input\" style=\"margin: 0px;\" type=\"text\" name=\"sendEmailTo\" placeholder=\"Entrez l'adresse e-mail\" \/> \t\t<input class=\"pdf24Plugin-cp-submit\" style=\"margin: 0px;\" type=\"submit\" value=\"Envoyer\" \/> \t<\/form> <\/div>","protected":false},"excerpt":{"rendered":"<div class=\"post-excerpt\">La position des employ\u00e9es de l\u2019Universit\u00e9 de Fribourg quant \u00e0 la hausse des taxes semestrielles est rest\u00e9e floue depuis l\u2019annonce de celle-ci. Ces derniers&hellip;<\/div>\n","protected":false},"author":15,"featured_media":7972,"comment_status":"closed","ping_status":"closed","sticky":false,"template":"","format":"standard","meta":{"_exactmetrics_skip_tracking":false,"_exactmetrics_sitenote_active":false,"_exactmetrics_sitenote_note":"","_exactmetrics_sitenote_category":0,"footnotes":""},"categories":[113],"tags":[1352],"views":1727,"_links":{"self":[{"href":"https:\/\/student.unifr.ch\/spectrum\/wp-json\/wp\/v2\/posts\/7956"}],"collection":[{"href":"https:\/\/student.unifr.ch\/spectrum\/wp-json\/wp\/v2\/posts"}],"about":[{"href":"https:\/\/student.unifr.ch\/spectrum\/wp-json\/wp\/v2\/types\/post"}],"author":[{"embeddable":true,"href":"https:\/\/student.unifr.ch\/spectrum\/wp-json\/wp\/v2\/users\/15"}],"replies":[{"embeddable":true,"href":"https:\/\/student.unifr.ch\/spectrum\/wp-json\/wp\/v2\/comments?post=7956"}],"version-history":[{"count":15,"href":"https:\/\/student.unifr.ch\/spectrum\/wp-json\/wp\/v2\/posts\/7956\/revisions"}],"predecessor-version":[{"id":7974,"href":"https:\/\/student.unifr.ch\/spectrum\/wp-json\/wp\/v2\/posts\/7956\/revisions\/7974"}],"wp:featuredmedia":[{"embeddable":true,"href":"https:\/\/student.unifr.ch\/spectrum\/wp-json\/wp\/v2\/media\/7972"}],"wp:attachment":[{"href":"https:\/\/student.unifr.ch\/spectrum\/wp-json\/wp\/v2\/media?parent=7956"}],"wp:term":[{"taxonomy":"category","embeddable":true,"href":"https:\/\/student.unifr.ch\/spectrum\/wp-json\/wp\/v2\/categories?post=7956"},{"taxonomy":"post_tag","embeddable":true,"href":"https:\/\/student.unifr.ch\/spectrum\/wp-json\/wp\/v2\/tags?post=7956"}],"curies":[{"name":"wp","href":"https:\/\/api.w.org\/{rel}","templated":true}]}}