{"id":93,"name":"H\u00e9l\u00e8ne Rigo","url":"","description":"Avec d\u00e9j\u00e0 un bon bagage professionnel \u00e0 seulement 24 ans, H\u00e9l\u00e8ne a repris des \u00e9tudes d'histoire et de linguistique anglaise en vue d'une expatriation en \u00c9cosse. \u00c9lev\u00e9e en Belgique, vivant en Suisse depuis plus d'un an, elle reste une Carolo pure et dure, jusqu'au bout des orteils. Elle esp\u00e8re emmener son attitude de bonne Belge bien vivante dans le monde entier, toujours accompagn\u00e9e de son b\u00e9b\u00e9 chat \"Monstre\" et de son appareil photo.","link":"https:\/\/student.unifr.ch\/spectrum\/author\/helene-rigo\/","slug":"helene-rigo","avatar_urls":{"24":"https:\/\/secure.gravatar.com\/avatar\/6627fb324f89ee6567a90a5ed338c7a4?s=24&d=mm&r=g","48":"https:\/\/secure.gravatar.com\/avatar\/6627fb324f89ee6567a90a5ed338c7a4?s=48&d=mm&r=g","96":"https:\/\/secure.gravatar.com\/avatar\/6627fb324f89ee6567a90a5ed338c7a4?s=96&d=mm&r=g"},"meta":[],"_links":{"self":[{"href":"https:\/\/student.unifr.ch\/spectrum\/wp-json\/wp\/v2\/users\/93"}],"collection":[{"href":"https:\/\/student.unifr.ch\/spectrum\/wp-json\/wp\/v2\/users"}]}}